{"id":3964,"date":"2018-08-29T11:43:11","date_gmt":"2018-08-29T09:43:11","guid":{"rendered":"http:\/\/www.formemgi.cat\/?p=3964"},"modified":"2018-09-19T12:33:49","modified_gmt":"2018-09-19T10:33:49","slug":"necessiteu-contractar-personal","status":"publish","type":"post","link":"https:\/\/www.formemgi.cat\/index.php\/2018\/08\/29\/necessiteu-contractar-personal\/","title":{"rendered":"Necessiteu contractar personal?"},"content":{"rendered":"<p>Podeu aconseguir una subvenci\u00f3 de 4.950 \u20ac per contracte que realitzeu a joves d&#8217;entre 16 i 29 anys.<\/p>\n<p>FormemGi \u00e9s la Fira de l&#8217;Ocupaci\u00f3 Juvenil de Girona que es celebrar\u00e0 al Palau de Fires de Girona el 27 de setembre de 2018. La fira forma part del programa Programa PICE &#8211; C\u00e1maras de Comercio i busca relacionar els joves amb el teixit empresarial i experts en orientaci\u00f3 ocupacional amb la idea de millorar la ocupabilitat dels joves d&#8217;entre 16 i 29 anys, posant en contacte aquests joves amb les empreses que participen al programa.<\/p>\n<p>Properament us anirem informant de com participar-hi.<\/p>\n","protected":false},"excerpt":{"rendered":"<p>Podeu aconseguir una subvenci\u00f3 de 4.950 \u20ac per contracte que realitzeu a joves d&#8217;entre 16 i 29 anys. FormemGi \u00e9s la Fira de l&#8217;Ocupaci\u00f3 Juvenil de Girona que es celebrar\u00e0 al Palau de Fires de Girona el 27 de setembre de 2018. La fira forma part del programa Programa PICE &#8211; C\u00e1maras de Comercio i&#8230; <\/p>\n<div class=\"clear\"><\/div>\n<p><a href=\"https:\/\/www.formemgi.cat\/index.php\/2018\/08\/29\/necessiteu-contractar-personal\/\" class=\"gdlr-info-font excerpt-read-more\">Llegir m\u00e9s<\/a><\/p>\n","protected":false},"author":1,"featured_media":3953,"comment_status":"closed","ping_status":"closed","sticky":false,"template":"","format":"standard","meta":{"footnotes":""},"categories":[4],"tags":[],"class_list":["post-3964","post","type-post","status-publish","format-standard","has-post-thumbnail","hentry","category-actualitat"],"_links":{"self":[{"href":"https:\/\/www.formemgi.cat\/index.php\/wp-json\/wp\/v2\/posts\/3964","targetHints":{"allow":["GET"]}}],"collection":[{"href":"https:\/\/www.formemgi.cat\/index.php\/wp-json\/wp\/v2\/posts"}],"about":[{"href":"https:\/\/www.formemgi.cat\/index.php\/wp-json\/wp\/v2\/types\/post"}],"author":[{"embeddable":true,"href":"https:\/\/www.formemgi.cat\/index.php\/wp-json\/wp\/v2\/users\/1"}],"replies":[{"embeddable":true,"href":"https:\/\/www.formemgi.cat\/index.php\/wp-json\/wp\/v2\/comments?post=3964"}],"version-history":[{"count":1,"href":"https:\/\/www.formemgi.cat\/index.php\/wp-json\/wp\/v2\/posts\/3964\/revisions"}],"predecessor-version":[{"id":3966,"href":"https:\/\/www.formemgi.cat\/index.php\/wp-json\/wp\/v2\/posts\/3964\/revisions\/3966"}],"wp:featuredmedia":[{"embeddable":true,"href":"https:\/\/www.formemgi.cat\/index.php\/wp-json\/wp\/v2\/media\/3953"}],"wp:attachment":[{"href":"https:\/\/www.formemgi.cat\/index.php\/wp-json\/wp\/v2\/media?parent=3964"}],"wp:term":[{"taxonomy":"category","embeddable":true,"href":"https:\/\/www.formemgi.cat\/index.php\/wp-json\/wp\/v2\/categories?post=3964"},{"taxonomy":"post_tag","embeddable":true,"href":"https:\/\/www.formemgi.cat\/index.php\/wp-json\/wp\/v2\/tags?post=3964"}],"curies":[{"name":"wp","href":"https:\/\/api.w.org\/{rel}","templated":true}]}}