{"id":4426,"date":"2018-09-24T13:10:06","date_gmt":"2018-09-24T11:10:06","guid":{"rendered":"http:\/\/www.formemgi.cat\/?p=4426"},"modified":"2018-09-24T10:21:22","modified_gmt":"2018-09-24T08:21:22","slug":"empreses-de-diferents-sectors-participen-a-formemgi","status":"publish","type":"post","link":"https:\/\/www.formemgi.cat\/index.php\/2018\/09\/24\/empreses-de-diferents-sectors-participen-a-formemgi\/","title":{"rendered":"Empreses de diferents sectors participen a FormemGi"},"content":{"rendered":"<p>Empreses de sectors tant diferents i representatius de les comarques gironines participen a la Fira d&#8217;Ocupaci\u00f3 Juvenil FormemGi, sectors com l&#8217;industrial, el de l&#8217;hostaleria, serveis, assegurances, agroalimentari, ind\u00fastria gr\u00e0fica, neteja, est\u00e8tica, transports, jardineria,&#8230;diferents empreses de diferents sectors que ofereixen llocs de treball als joves d&#8217;entre 16 a 29 anys que no treballin ni estudi\u00efn i vulguin trobar una feina o una formaci\u00f3 que els ajudi a inserir-se al m\u00f3n laboral.<\/p>\n<p>Podeu veure les empreses que participen a FormemGi en aquest enlla\u00e7 <a href=\"http:\/\/www.formemgi.cat\/index.php\/empreses\/\">http:\/\/www.formemgi.cat\/index.php\/empreses\/<\/a><\/p>\n","protected":false},"excerpt":{"rendered":"<p>Empreses de sectors tant diferents i representatius de les comarques gironines participen a la Fira d&#8217;Ocupaci\u00f3 Juvenil FormemGi, sectors com l&#8217;industrial, el de l&#8217;hostaleria, serveis, assegurances, agroalimentari, ind\u00fastria gr\u00e0fica, neteja, est\u00e8tica, transports, jardineria,&#8230;diferents empreses de diferents sectors que ofereixen llocs de treball als joves d&#8217;entre 16 a 29 anys que no treballin ni estudi\u00efn i&#8230; <\/p>\n<div class=\"clear\"><\/div>\n<p><a href=\"https:\/\/www.formemgi.cat\/index.php\/2018\/09\/24\/empreses-de-diferents-sectors-participen-a-formemgi\/\" class=\"gdlr-info-font excerpt-read-more\">Llegir m\u00e9s<\/a><\/p>\n","protected":false},"author":1,"featured_media":4430,"comment_status":"open","ping_status":"open","sticky":false,"template":"","format":"standard","meta":{"footnotes":""},"categories":[4],"tags":[],"class_list":["post-4426","post","type-post","status-publish","format-standard","has-post-thumbnail","hentry","category-actualitat"],"_links":{"self":[{"href":"https:\/\/www.formemgi.cat\/index.php\/wp-json\/wp\/v2\/posts\/4426","targetHints":{"allow":["GET"]}}],"collection":[{"href":"https:\/\/www.formemgi.cat\/index.php\/wp-json\/wp\/v2\/posts"}],"about":[{"href":"https:\/\/www.formemgi.cat\/index.php\/wp-json\/wp\/v2\/types\/post"}],"author":[{"embeddable":true,"href":"https:\/\/www.formemgi.cat\/index.php\/wp-json\/wp\/v2\/users\/1"}],"replies":[{"embeddable":true,"href":"https:\/\/www.formemgi.cat\/index.php\/wp-json\/wp\/v2\/comments?post=4426"}],"version-history":[{"count":1,"href":"https:\/\/www.formemgi.cat\/index.php\/wp-json\/wp\/v2\/posts\/4426\/revisions"}],"predecessor-version":[{"id":4433,"href":"https:\/\/www.formemgi.cat\/index.php\/wp-json\/wp\/v2\/posts\/4426\/revisions\/4433"}],"wp:featuredmedia":[{"embeddable":true,"href":"https:\/\/www.formemgi.cat\/index.php\/wp-json\/wp\/v2\/media\/4430"}],"wp:attachment":[{"href":"https:\/\/www.formemgi.cat\/index.php\/wp-json\/wp\/v2\/media?parent=4426"}],"wp:term":[{"taxonomy":"category","embeddable":true,"href":"https:\/\/www.formemgi.cat\/index.php\/wp-json\/wp\/v2\/categories?post=4426"},{"taxonomy":"post_tag","embeddable":true,"href":"https:\/\/www.formemgi.cat\/index.php\/wp-json\/wp\/v2\/tags?post=4426"}],"curies":[{"name":"wp","href":"https:\/\/api.w.org\/{rel}","templated":true}]}}