{"id":4559,"date":"2018-10-01T14:15:26","date_gmt":"2018-10-01T12:15:26","guid":{"rendered":"http:\/\/www.formemgi.cat\/?p=4559"},"modified":"2018-10-01T14:31:35","modified_gmt":"2018-10-01T12:31:35","slug":"reportage-fotografic-de-la-fira","status":"publish","type":"post","link":"https:\/\/www.formemgi.cat\/index.php\/2018\/10\/01\/reportage-fotografic-de-la-fira\/","title":{"rendered":"Reportatge fotogr\u00e0fic de la fira d&#8217;ocupaci\u00f3 juvenil"},"content":{"rendered":"<p>En aquest enlla\u00e7 podeu veure fotografies de la fira FormemGi <a href=\"https:\/\/www.flickr.com\/photos\/cambragirona\/sets\/72157701820056495\">https:\/\/www.flickr.com\/photos\/cambragirona\/sets\/72157701820056495<\/a><\/p>\n<p>L\u2019organitzaci\u00f3 de l\u2019esdeveniment es mostra satisfeta per la recepci\u00f3 que ha tingut la iniciativa entre les 26 empreses i els prop de 500\u00a0 joves que han assistit a la primera edici\u00f3 d&#8217;aquesta fira, i han participat al diferents tallers que s&#8217;han ofert, com els que han presentat la seva candidatura als llocs de feina oferts.<\/p>\n","protected":false},"excerpt":{"rendered":"<p>En aquest enlla\u00e7 podeu veure fotografies de la fira FormemGi https:\/\/www.flickr.com\/photos\/cambragirona\/sets\/72157701820056495 L\u2019organitzaci\u00f3 de l\u2019esdeveniment es mostra satisfeta per la recepci\u00f3 que ha tingut la iniciativa entre les 26 empreses i els prop de 500\u00a0 joves que han assistit a la primera edici\u00f3 d&#8217;aquesta fira, i han participat al diferents tallers que s&#8217;han ofert, com els&#8230; <\/p>\n<div class=\"clear\"><\/div>\n<p><a href=\"https:\/\/www.formemgi.cat\/index.php\/2018\/10\/01\/reportage-fotografic-de-la-fira\/\" class=\"gdlr-info-font excerpt-read-more\">Llegir m\u00e9s<\/a><\/p>\n","protected":false},"author":1,"featured_media":4562,"comment_status":"open","ping_status":"open","sticky":false,"template":"","format":"standard","meta":{"footnotes":""},"categories":[4,1],"tags":[],"class_list":["post-4559","post","type-post","status-publish","format-standard","has-post-thumbnail","hentry","category-actualitat","category-uncategorized-ca"],"_links":{"self":[{"href":"https:\/\/www.formemgi.cat\/index.php\/wp-json\/wp\/v2\/posts\/4559","targetHints":{"allow":["GET"]}}],"collection":[{"href":"https:\/\/www.formemgi.cat\/index.php\/wp-json\/wp\/v2\/posts"}],"about":[{"href":"https:\/\/www.formemgi.cat\/index.php\/wp-json\/wp\/v2\/types\/post"}],"author":[{"embeddable":true,"href":"https:\/\/www.formemgi.cat\/index.php\/wp-json\/wp\/v2\/users\/1"}],"replies":[{"embeddable":true,"href":"https:\/\/www.formemgi.cat\/index.php\/wp-json\/wp\/v2\/comments?post=4559"}],"version-history":[{"count":6,"href":"https:\/\/www.formemgi.cat\/index.php\/wp-json\/wp\/v2\/posts\/4559\/revisions"}],"predecessor-version":[{"id":4567,"href":"https:\/\/www.formemgi.cat\/index.php\/wp-json\/wp\/v2\/posts\/4559\/revisions\/4567"}],"wp:featuredmedia":[{"embeddable":true,"href":"https:\/\/www.formemgi.cat\/index.php\/wp-json\/wp\/v2\/media\/4562"}],"wp:attachment":[{"href":"https:\/\/www.formemgi.cat\/index.php\/wp-json\/wp\/v2\/media?parent=4559"}],"wp:term":[{"taxonomy":"category","embeddable":true,"href":"https:\/\/www.formemgi.cat\/index.php\/wp-json\/wp\/v2\/categories?post=4559"},{"taxonomy":"post_tag","embeddable":true,"href":"https:\/\/www.formemgi.cat\/index.php\/wp-json\/wp\/v2\/tags?post=4559"}],"curies":[{"name":"wp","href":"https:\/\/api.w.org\/{rel}","templated":true}]}}